{"id":996,"date":"2022-08-19T13:37:35","date_gmt":"2022-08-19T11:37:35","guid":{"rendered":"https:\/\/pcycle-piraten.de\/?p=996"},"modified":"2025-08-05T19:37:21","modified_gmt":"2025-08-05T17:37:21","slug":"ehrenamtspreis-pcycle-in-der-finalrunde-und-im-fernsehen","status":"publish","type":"post","link":"https:\/\/pcycle-piraten.de\/index.php\/2022\/08\/19\/ehrenamtspreis-pcycle-in-der-finalrunde-und-im-fernsehen\/","title":{"rendered":"Wir haben den Dortmunder Ehrenamtspreis gewonnen! Und sind im WDR zu sehen"},"content":{"rendered":"\n<figure class=\"wp-block-image size-large is-resized\"><img loading=\"lazy\" decoding=\"async\" src=\"https:\/\/pcycle-piraten.de\/wp-content\/uploads\/2022\/08\/Gewinnerfoto_Marius-Henkel-scaled-1-1024x683.jpg\" alt=\"So sehen Sieger aus! Die Gewinner aller drei Kategorien zusammen mit Jury, Organisatoren und OB Thomas Westphal \" class=\"wp-image-1017\" width=\"1024\" height=\"683\" srcset=\"https:\/\/pcycle-piraten.de\/wp-content\/uploads\/2022\/08\/Gewinnerfoto_Marius-Henkel-scaled-1-1024x683.jpg 1024w, https:\/\/pcycle-piraten.de\/wp-content\/uploads\/2022\/08\/Gewinnerfoto_Marius-Henkel-scaled-1-300x200.jpg 300w, https:\/\/pcycle-piraten.de\/wp-content\/uploads\/2022\/08\/Gewinnerfoto_Marius-Henkel-scaled-1-768x512.jpg 768w, https:\/\/pcycle-piraten.de\/wp-content\/uploads\/2022\/08\/Gewinnerfoto_Marius-Henkel-scaled-1-1600x1067.jpg 1600w, https:\/\/pcycle-piraten.de\/wp-content\/uploads\/2022\/08\/Gewinnerfoto_Marius-Henkel-scaled-1-1536x1024.jpg 1536w, https:\/\/pcycle-piraten.de\/wp-content\/uploads\/2022\/08\/Gewinnerfoto_Marius-Henkel-scaled-1-2048x1366.jpg 2048w\" sizes=\"auto, (max-width: 1024px) 100vw, 1024px\" \/><figcaption>So sehen Sieger aus! Die Gewinner aller drei Kategorien zusammen mit Jury, Organisatoren und OB Thomas Westphal Bild: Freiwilligenagentur Dortmund<\/figcaption><\/figure>\n\n\n\n<p>Juhuu, wir haben gewonnen! Am 22.08.2022 wurde uns der Ehrenamtspreis &#8220;<strong>Engagement anerkennen<\/strong>&#8221; der Kategorie &#8220;Gemeinschaft st\u00e4rken&#8221; von der Freiwilligenagentur Dortmund verliehen. Zusammen zwei anderen pr\u00e4mierten Projekten d\u00fcrfen wir uns jeweils \u00fcber ein Preisgeld von 1000\u20ac f\u00fcr unser Projekt freuen. <\/p>\n\n\n\n<p>Weitere Infos zu allen Projekten und der Preisverleihung bei der <a rel=\"noreferrer noopener\" href=\"https:\/\/www.freiwilligenagenturdortmund.de\/2022\/08\/24\/engagement-anerkennen-2022-vielfalt-erleben\/\" data-type=\"URL\" data-id=\"https:\/\/www.freiwilligenagenturdortmund.de\/2022\/08\/24\/engagement-anerkennen-2022-vielfalt-erleben\/\" target=\"_blank\">Freiwilligenagentur<\/a>.<\/p>\n\n\n\n<figure class=\"wp-block-image size-large is-resized\"><img loading=\"lazy\" decoding=\"async\" src=\"https:\/\/pcycle-piraten.de\/wp-content\/uploads\/2022\/08\/WDR-Beitrag-1024x574.jpg\" alt=\"\" class=\"wp-image-1001\" width=\"512\" height=\"287\"\/><\/figure>\n\n\n\n<p>In der WDR-Lokalzeit waren wir zuvor am 17.08.2022 als Bewerber zu sehen.<br>Haupts\u00e4chlich ging es um das Projekt Guugelkisten, Surfstationen f\u00fcr Senioren, mit dem wir f\u00fcr den Ehrenamtspreis der Freiwilligenagentur Dortmund nominiert sind.<\/p>\n\n\n<p><iframe loading=\"lazy\" src=\"https:\/\/drive.google.com\/file\/d\/1XW0-oZz922uqqJugDOHR5PUsWHmgjloT\/preview\" width=\"800\" height=\"480\"><\/iframe><\/p>","protected":false},"excerpt":{"rendered":"<p>Juhuu, wir haben gewonnen! Am 22.08.2022 wurde uns der Ehrenamtspreis \u201cEngagement anerkennen\u201d der Kategorie \u201cGemeinschaft st\u00e4rken\u201d [\u2026]<\/p>\n","protected":false},"author":2,"featured_media":1028,"comment_status":"open","ping_status":"open","sticky":false,"template":"","format":"standard","meta":{"footnotes":""},"categories":[1,7],"tags":[],"class_list":["post-996","post","type-post","status-publish","format-standard","has-post-thumbnail","hentry","category-allgemein","category-slider"],"_links":{"self":[{"href":"https:\/\/pcycle-piraten.de\/index.php\/wp-json\/wp\/v2\/posts\/996","targetHints":{"allow":["GET"]}}],"collection":[{"href":"https:\/\/pcycle-piraten.de\/index.php\/wp-json\/wp\/v2\/posts"}],"about":[{"href":"https:\/\/pcycle-piraten.de\/index.php\/wp-json\/wp\/v2\/types\/post"}],"author":[{"embeddable":true,"href":"https:\/\/pcycle-piraten.de\/index.php\/wp-json\/wp\/v2\/users\/2"}],"replies":[{"embeddable":true,"href":"https:\/\/pcycle-piraten.de\/index.php\/wp-json\/wp\/v2\/comments?post=996"}],"version-history":[{"count":41,"href":"https:\/\/pcycle-piraten.de\/index.php\/wp-json\/wp\/v2\/posts\/996\/revisions"}],"predecessor-version":[{"id":3219,"href":"https:\/\/pcycle-piraten.de\/index.php\/wp-json\/wp\/v2\/posts\/996\/revisions\/3219"}],"wp:featuredmedia":[{"embeddable":true,"href":"https:\/\/pcycle-piraten.de\/index.php\/wp-json\/wp\/v2\/media\/1028"}],"wp:attachment":[{"href":"https:\/\/pcycle-piraten.de\/index.php\/wp-json\/wp\/v2\/media?parent=996"}],"wp:term":[{"taxonomy":"category","embeddable":true,"href":"https:\/\/pcycle-piraten.de\/index.php\/wp-json\/wp\/v2\/categories?post=996"},{"taxonomy":"post_tag","embeddable":true,"href":"https:\/\/pcycle-piraten.de\/index.php\/wp-json\/wp\/v2\/tags?post=996"}],"curies":[{"name":"wp","href":"https:\/\/api.w.org\/{rel}","templated":true}]}}